{"id":463,"global_id":"www.sevenadur.org\/2021?id=463","global_id_lineage":["www.sevenadur.org\/2021?id=463"],"author":"4","status":"publish","date":"2021-02-25 17:13:31","date_utc":"2021-02-25 16:13:31","modified":"2021-02-26 11:38:17","modified_utc":"2021-02-26 10:38:17","url":"http:\/\/www.sevenadur.org\/2021\/evenement\/inauguration\/","rest_url":"http:\/\/www.sevenadur.org\/2021\/wp-json\/tribe\/events\/v1\/events\/463","title":"Inauguration","description":"<p><img loading=\"lazy\" decoding=\"async\" class=\"wp-image-464 alignleft\" src=\"http:\/\/www.sevenadur.org\/2021\/wp-content\/uploads\/sites\/8\/2021\/02\/JMC_0676.jpg\" alt=\"\" width=\"286\" height=\"191\" srcset=\"http:\/\/www.sevenadur.org\/2021\/wp-content\/uploads\/sites\/8\/2021\/02\/JMC_0676.jpg 800w, http:\/\/www.sevenadur.org\/2021\/wp-content\/uploads\/sites\/8\/2021\/02\/JMC_0676-300x200.jpg 300w, http:\/\/www.sevenadur.org\/2021\/wp-content\/uploads\/sites\/8\/2021\/02\/JMC_0676-768x513.jpg 768w\" sizes=\"auto, (max-width: 286px) 100vw, 286px\" \/>La 21eme \u00e9dition des rencontres Sevenadur sera lanc\u00e9e !<\/p>\n<p>Retrouvez \u00e0 20h le discours de Philippe Ramel pr\u00e9sident du Cercle Celtique de Rennes en fran\u00e7ais, gallo et breton puis profitez de la musique du couple Lorho-Pasco\/ Le Net suivi du couple Naien. Concert film\u00e9 au Cercle Celtique de Rennes pour l&rsquo;occasion.<\/p>","excerpt":"","slug":"inauguration","image":false,"all_day":false,"start_date":"2021-02-26 20:00:00","start_date_details":{"year":"2021","month":"02","day":"26","hour":"20","minutes":"00","seconds":"00"},"end_date":"2021-02-26 21:00:00","end_date_details":{"year":"2021","month":"02","day":"26","hour":"21","minutes":"00","seconds":"00"},"utc_start_date":"2021-02-26 19:00:00","utc_start_date_details":{"year":"2021","month":"02","day":"26","hour":"19","minutes":"00","seconds":"00"},"utc_end_date":"2021-02-26 20:00:00","utc_end_date_details":{"year":"2021","month":"02","day":"26","hour":"20","minutes":"00","seconds":"00"},"timezone":"Europe\/Paris","timezone_abbr":"CET","cost":"","cost_details":{"currency_symbol":"","currency_code":"","currency_position":"suffix","values":[]},"website":"","show_map":true,"show_map_link":true,"hide_from_listings":false,"sticky":false,"featured":false,"categories":[],"tags":[],"venue":{"id":42,"author":"1","status":"publish","date":"2021-01-17 17:09:41","date_utc":"2021-01-17 16:09:41","modified":"2021-01-17 17:09:41","modified_utc":"2021-01-17 16:09:41","url":"http:\/\/www.sevenadur.org\/2021\/lieu\/reseaux-sociaux\/","venue":"R\u00e9seaux sociaux","slug":"reseaux-sociaux","json_ld":{"@type":"Place","name":"R\u00e9seaux sociaux","description":"","url":"","address":{"@type":"PostalAddress"},"telephone":"","sameAs":""},"show_map":true,"show_map_link":true,"global_id":"www.sevenadur.org\/2021?id=42","global_id_lineage":["www.sevenadur.org\/2021?id=42"]},"organizer":[],"custom_fields":[],"json_ld":{"@context":"http:\/\/schema.org","@type":"Event","name":"Inauguration","description":"&lt;p&gt;La 21eme \u00e9dition des rencontres Sevenadur sera lanc\u00e9e ! Retrouvez \u00e0 20h le discours de Philippe Ramel pr\u00e9sident du Cercle Celtique de Rennes en fran\u00e7ais, gallo et breton puis profitez de la musique du couple Lorho-Pasco\/ Le Net suivi du &hellip; &lt;a href=&quot;http:\/\/www.sevenadur.org\/2021\/evenement\/inauguration\/&quot;&gt;Continuer la lecture &lt;span class=&quot;meta-nav&quot;&gt;&rarr;&lt;\/span&gt;&lt;\/a&gt;&lt;\/p&gt;\\n","url":"http:\/\/www.sevenadur.org\/2021\/evenement\/inauguration\/","eventAttendanceMode":"https:\/\/schema.org\/OfflineEventAttendanceMode","eventStatus":"https:\/\/schema.org\/EventScheduled","startDate":"2021-02-26T20:00:00+01:00","endDate":"2021-02-26T21:00:00+01:00","location":{"@type":"Place","name":"R\u00e9seaux sociaux","description":"","url":"","address":{"@type":"PostalAddress"},"telephone":"","sameAs":""},"performer":"Organization"}}